{"id":597,"date":"2025-09-18T01:36:35","date_gmt":"2025-09-17T22:36:35","guid":{"rendered":"https:\/\/3dminia.com.tr\/?p=597"},"modified":"2025-09-18T01:36:35","modified_gmt":"2025-09-17T22:36:35","slug":"ataturk-modellerimiz-hazir-cumhuriyetimizin-kurucusuna-en-anlamli-hediye","status":"publish","type":"post","link":"https:\/\/3dminia.com.tr\/index.php\/2025\/09\/18\/ataturk-modellerimiz-hazir-cumhuriyetimizin-kurucusuna-en-anlamli-hediye\/","title":{"rendered":"Atat\u00fcrk Modellerimiz Haz\u0131r: Cumhuriyetimizin Kurucusuna En Anlaml\u0131 Hediye"},"content":{"rendered":"<p data-start=\"263\" data-end=\"442\">3dminia olarak, k\u00fclt\u00fcrel miras\u0131m\u0131z\u0131 ve milli de\u011ferlerimizi ya\u015fatmaya b\u00fcy\u00fck \u00f6nem veriyoruz. Bu vizyonla haz\u0131rlad\u0131\u011f\u0131m\u0131z <strong data-start=\"381\" data-end=\"414\">Atat\u00fcrk 3D bask\u0131 modellerimiz<\/strong> art\u0131k sizlerle bulu\u015fuyor!<\/p>\n<p data-start=\"444\" data-end=\"698\">Cumhuriyetimizin kurucusu <strong data-start=\"470\" data-end=\"497\">Mustafa Kemal Atat\u00fcrk\u2019\u00fc<\/strong> en \u00f6zel ve en sayg\u0131l\u0131 \u015fekilde temsil eden bu modeller, sadece dekoratif bir obje de\u011fil; ayn\u0131 zamanda <strong data-start=\"599\" data-end=\"678\">ba\u011f\u0131ms\u0131zl\u0131k, \u00f6zg\u00fcrl\u00fck ve Cumhuriyet de\u011ferlerini simgeleyen anlaml\u0131 bir eser<\/strong> niteli\u011fi ta\u015f\u0131yor.<\/p>\n<p data-start=\"700\" data-end=\"1018\">Atat\u00fcrk b\u00fcstleri ve fig\u00fcrleri, \u00f6zenle haz\u0131rlanm\u0131\u015f 3D tasar\u0131mlar\u0131m\u0131z sayesinde detayl\u0131, estetik ve dayan\u0131kl\u0131 yap\u0131s\u0131yla \u00f6n plana \u00e7\u0131k\u0131yor. Evinizde, ofisinizde ya da \u00f6zel koleksiyonlar\u0131n\u0131zda gururla sergileyebilece\u011finiz bu \u00fcr\u00fcnler, ayn\u0131 zamanda <strong data-start=\"942\" data-end=\"974\">en anlaml\u0131 hediyelerden biri<\/strong> olarak sevdiklerinize arma\u011fan edilebilir.<\/p>\n<h3 data-start=\"1020\" data-end=\"1053\">Neden Atat\u00fcrk Modellerimiz?<\/h3>\n<ul data-start=\"1054\" data-end=\"1346\">\n<li data-start=\"1054\" data-end=\"1116\">\n<p data-start=\"1056\" data-end=\"1116\"><strong data-start=\"1056\" data-end=\"1096\">Y\u00fcksek kaliteli 3D bask\u0131 teknolojisi<\/strong> ile \u00fcretilmi\u015ftir.<\/p>\n<\/li>\n<li data-start=\"1117\" data-end=\"1203\">\n<p data-start=\"1119\" data-end=\"1203\"><strong data-start=\"1119\" data-end=\"1139\">Detayl\u0131 tasar\u0131m\u0131<\/strong> sayesinde Atat\u00fcrk\u2019\u00fcn asil duru\u015funu en g\u00fczel \u015fekilde yans\u0131t\u0131r.<\/p>\n<\/li>\n<li data-start=\"1204\" data-end=\"1266\">\n<p data-start=\"1206\" data-end=\"1266\"><strong data-start=\"1206\" data-end=\"1229\">Koleksiyonluk de\u011fer<\/strong> ta\u015f\u0131r ve uzun y\u0131llar saklanabilir.<\/p>\n<\/li>\n<li data-start=\"1267\" data-end=\"1346\">\n<p data-start=\"1269\" data-end=\"1346\"><strong data-start=\"1269\" data-end=\"1325\">Milli ve manevi duygular\u0131 peki\u015ftiren \u00f6zel bir hediye<\/strong> alternatifi sunar.<\/p>\n<\/li>\n<\/ul>\n<p data-start=\"1348\" data-end=\"1518\">Bizler i\u00e7in bu \u00fcr\u00fcn sadece bir \u00fcretim de\u011fil, <strong data-start=\"1393\" data-end=\"1437\">gelecek nesillere b\u0131rak\u0131lacak bir hat\u0131ra<\/strong>. Atat\u00fcrk sevgisini ve Cumhuriyet ruhunu ya\u015fatmak isteyen herkese hitap ediyor.<\/p>\n","protected":false},"excerpt":{"rendered":"<p>3dminia olarak, k\u00fclt\u00fcrel miras\u0131m\u0131z\u0131 ve milli de\u011ferlerimizi ya\u015fatmaya b\u00fcy\u00fck \u00f6nem veriyoruz. Bu vizyonla haz\u0131rlad\u0131\u011f\u0131m\u0131z Atat\u00fcrk 3D bask\u0131 modellerimiz art\u0131k sizlerle bulu\u015fuyor! Cumhuriyetimizin kurucusu Mustafa Kemal Atat\u00fcrk\u2019\u00fc en \u00f6zel ve en sayg\u0131l\u0131 \u015fekilde temsil eden bu modeller, sadece dekoratif bir obje de\u011fil; ayn\u0131 zamanda ba\u011f\u0131ms\u0131zl\u0131k, \u00f6zg\u00fcrl\u00fck ve Cumhuriyet de\u011ferlerini simgeleyen anlaml\u0131 bir eser niteli\u011fi ta\u015f\u0131yor. Atat\u00fcrk [&hellip;]<\/p>\n","protected":false},"author":1,"featured_media":584,"comment_status":"open","ping_status":"open","sticky":false,"template":"","format":"standard","meta":{"footnotes":""},"categories":[52,53],"tags":[37,54,55,56,57,58,59,60,61,62],"class_list":["post-597","post","type-post","status-publish","format-standard","has-post-thumbnail","hentry","category-ataturk","category-bizden-haberler","tag-3dmodel","tag-3dminia","tag-ataturkmodeli","tag-3dbaski","tag-ataturkbustu","tag-cumhuriyet","tag-enanlamlihediye","tag-kulturelmiras","tag-koleksiyonlukurunler","tag-ozelhediye"],"_links":{"self":[{"href":"https:\/\/3dminia.com.tr\/index.php\/wp-json\/wp\/v2\/posts\/597","targetHints":{"allow":["GET"]}}],"collection":[{"href":"https:\/\/3dminia.com.tr\/index.php\/wp-json\/wp\/v2\/posts"}],"about":[{"href":"https:\/\/3dminia.com.tr\/index.php\/wp-json\/wp\/v2\/types\/post"}],"author":[{"embeddable":true,"href":"https:\/\/3dminia.com.tr\/index.php\/wp-json\/wp\/v2\/users\/1"}],"replies":[{"embeddable":true,"href":"https:\/\/3dminia.com.tr\/index.php\/wp-json\/wp\/v2\/comments?post=597"}],"version-history":[{"count":1,"href":"https:\/\/3dminia.com.tr\/index.php\/wp-json\/wp\/v2\/posts\/597\/revisions"}],"predecessor-version":[{"id":598,"href":"https:\/\/3dminia.com.tr\/index.php\/wp-json\/wp\/v2\/posts\/597\/revisions\/598"}],"wp:featuredmedia":[{"embeddable":true,"href":"https:\/\/3dminia.com.tr\/index.php\/wp-json\/wp\/v2\/media\/584"}],"wp:attachment":[{"href":"https:\/\/3dminia.com.tr\/index.php\/wp-json\/wp\/v2\/media?parent=597"}],"wp:term":[{"taxonomy":"category","embeddable":true,"href":"https:\/\/3dminia.com.tr\/index.php\/wp-json\/wp\/v2\/categories?post=597"},{"taxonomy":"post_tag","embeddable":true,"href":"https:\/\/3dminia.com.tr\/index.php\/wp-json\/wp\/v2\/tags?post=597"}],"curies":[{"name":"wp","href":"https:\/\/api.w.org\/{rel}","templated":true}]}}